{"id":9687,"date":"2021-10-01T16:51:38","date_gmt":"2021-10-01T14:51:38","guid":{"rendered":"https:\/\/www.eq-barnices.es\/protectores-al-agua-con-inspiracion-otonal\/"},"modified":"2023-07-17T08:22:57","modified_gmt":"2023-07-17T06:22:57","slug":"protectores-al-agua-con-inspiracion-otonal","status":"publish","type":"post","link":"https:\/\/eurosalqui.es\/fr\/protectores-al-agua-con-inspiracion-otonal\/","title":{"rendered":"Protectores al Agua con Inspiraci\u00f3n Oto\u00f1al"},"content":{"rendered":"\n<h4 class=\"wp-block-heading\">La gama de colores de Eurosalqui para la protecci\u00f3n y el mantenimiento de la madera.<\/h4>\n\n\n\n<p>Llega el oto\u00f1o, se despide el verano. El bosque comienza a cambiar su manto. Resurgen los colores propios de la estaci\u00f3n oto\u00f1al: ocres, marrones, pardos, rojizos\u2026 Variedad de tonos que despiertan la inspiraci\u00f3n en la creaci\u00f3n de la familia de <a href=\"\/?p=5812\">protectores al agua de Eq<\/a>. Colores reflejados en la carta de colores de <a href=\"\/?portfolio-types=madera-intemperie&amp;utilidades=productos-al-agua\">protectores al agua<\/a>. Permitiendo dar rienda suelta a la imaginaci\u00f3n y llevando a cabo las ideas de decoraci\u00f3n m\u00e1s actuales.<\/p>\n\n\n\n<figure class=\"wp-block-image size-full\"><img decoding=\"async\" width=\"840\" height=\"370\" src=\"https:\/\/eurosalqui.es\/wp-content\/uploads\/2023\/07\/muestras-color-botes.jpg\" alt=\"\" class=\"wp-image-10956\" srcset=\"https:\/\/eurosalqui.es\/wp-content\/uploads\/2023\/07\/muestras-color-botes.jpg 840w, https:\/\/eurosalqui.es\/wp-content\/uploads\/2023\/07\/muestras-color-botes-383x169.jpg 383w, https:\/\/eurosalqui.es\/wp-content\/uploads\/2023\/07\/muestras-color-botes-64x28.jpg 64w, https:\/\/eurosalqui.es\/wp-content\/uploads\/2023\/07\/muestras-color-botes-300x132.jpg 300w, https:\/\/eurosalqui.es\/wp-content\/uploads\/2023\/07\/muestras-color-botes-768x338.jpg 768w, https:\/\/eurosalqui.es\/wp-content\/uploads\/2023\/07\/muestras-color-botes-150x66.jpg 150w, https:\/\/eurosalqui.es\/wp-content\/uploads\/2023\/07\/muestras-color-botes-480x211.jpg 480w\" sizes=\"(max-width:767px) 480px, (max-width:840px) 100vw, 840px\" \/><\/figure>\n\n\n\n<p>Tras la \u00faltima <strong>Feria del Mueble de Mil\u00e1n<\/strong>, se puede comprobar como las tendencias m\u00e1s actuales guardan cierta conexi\u00f3n con los enamorados del oto\u00f1o. Analizando las empresas participantes del sector, se llega a la conclusi\u00f3n del fuerte <strong>aumento en la elecci\u00f3n de maderas oscuras<\/strong>. Tonos especialmente indicados para el mobiliario de interior. Los tonos caracter\u00edsticos de las corrientes de mueble escandinavo van abandon\u00e1ndose poco a poco para acercarse hacia tonos m\u00e1s solemnes. Aportando un toque de <strong>glamour m\u00e1s retro<\/strong> y proponiendo una nueva <strong>mirada del lujo moderno<\/strong>.<\/p>\n\n\n\n<figure class=\"wp-block-image size-full\"><img decoding=\"async\" width=\"840\" height=\"515\" src=\"https:\/\/eurosalqui.es\/wp-content\/uploads\/2023\/07\/mesa_madera_oscura.jpg\" alt=\"\" class=\"wp-image-10959\" srcset=\"https:\/\/eurosalqui.es\/wp-content\/uploads\/2023\/07\/mesa_madera_oscura.jpg 840w, https:\/\/eurosalqui.es\/wp-content\/uploads\/2023\/07\/mesa_madera_oscura-383x235.jpg 383w, https:\/\/eurosalqui.es\/wp-content\/uploads\/2023\/07\/mesa_madera_oscura-64x39.jpg 64w, https:\/\/eurosalqui.es\/wp-content\/uploads\/2023\/07\/mesa_madera_oscura-300x184.jpg 300w, https:\/\/eurosalqui.es\/wp-content\/uploads\/2023\/07\/mesa_madera_oscura-768x471.jpg 768w, https:\/\/eurosalqui.es\/wp-content\/uploads\/2023\/07\/mesa_madera_oscura-122x75.jpg 122w, https:\/\/eurosalqui.es\/wp-content\/uploads\/2023\/07\/mesa_madera_oscura-480x294.jpg 480w\" sizes=\"(max-width:767px) 480px, (max-width:840px) 100vw, 840px\" \/><\/figure>\n\n\n\n<p>La <strong>madera<\/strong>, sigue siendo uno de los <strong>principales materiales de construcci\u00f3n<\/strong>, gracias a su versatilidad y sus caracter\u00edsticas f\u00edsicas y mec\u00e1nicas. Que <strong>combinada con otros materiales<\/strong> como bien puede ser el metal y el vidrio, genera ambientes selectos y originales.<\/p>\n\n\n\n<p>De entre todas las maderas, el <strong>roble <\/strong>se mantiene como un fijo en la fabricaci\u00f3n y decoraci\u00f3n de partes y objetos del hogar. Sin embargo, otros tonos m\u00e1s oscuros como el <strong>nogal <\/strong>y el <strong>wengu\u00e9 <\/strong>se ven reflejados en <strong>multitud de propuestas.<\/strong><\/p>\n\n\n\n<figure class=\"wp-block-image size-full\"><img decoding=\"async\" width=\"840\" height=\"559\" src=\"https:\/\/eurosalqui.es\/wp-content\/uploads\/2023\/07\/combinaciones-materiales.jpg\" alt=\"\" class=\"wp-image-10962\" srcset=\"https:\/\/eurosalqui.es\/wp-content\/uploads\/2023\/07\/combinaciones-materiales.jpg 840w, https:\/\/eurosalqui.es\/wp-content\/uploads\/2023\/07\/combinaciones-materiales-383x255.jpg 383w, https:\/\/eurosalqui.es\/wp-content\/uploads\/2023\/07\/combinaciones-materiales-64x43.jpg 64w, https:\/\/eurosalqui.es\/wp-content\/uploads\/2023\/07\/combinaciones-materiales-300x200.jpg 300w, https:\/\/eurosalqui.es\/wp-content\/uploads\/2023\/07\/combinaciones-materiales-768x511.jpg 768w, https:\/\/eurosalqui.es\/wp-content\/uploads\/2023\/07\/combinaciones-materiales-113x75.jpg 113w, https:\/\/eurosalqui.es\/wp-content\/uploads\/2023\/07\/combinaciones-materiales-480x319.jpg 480w\" sizes=\"(max-width:767px) 480px, (max-width:840px) 100vw, 840px\" \/><\/figure>\n\n\n\n<p>Conocidas las \u00faltimas tendencias oto\u00f1ales de este 2021 y seguramente las similares de 2022, es momento de llevar tus ideas a la acci\u00f3n. La variedad de colores que ofrecen los <a href=\"\/?p=5812\">protectores al agua de Eq<\/a>, son la soluci\u00f3n perfecta. Acabados y prestaciones excepcionales para tu madera. La <em>protecci\u00f3n y belleza<\/em> que necesitas.<\/p>\n\n\n\n<p>Si no se te\nocurren ideas o tienes alguna duda, nosotros te aconsejamos.<\/p>\n","protected":false},"excerpt":{"rendered":"<p>La gama de colores de Eurosalqui para la protecci\u00f3n y el mantenimiento de la madera. Llega el oto\u00f1o, se despide el verano. El bosque comienza a<span class=\"excerpt-hellip\"> [\u2026]<\/span><\/p>\n","protected":false},"author":31,"featured_media":10965,"comment_status":"open","ping_status":"open","sticky":false,"template":"","format":"standard","meta":{"_acf_changed":false,"footnotes":""},"categories":[172],"tags":[],"class_list":["post-9687","post","type-post","status-publish","format-standard","has-post-thumbnail","hentry","category-nuevos-desarrollos"],"acf":[],"yoast_head":"<!-- This site is optimized with the Yoast SEO plugin v22.3 - https:\/\/yoast.com\/wordpress\/plugins\/seo\/ -->\n<title>Protectores al Agua con Inspiraci\u00f3n Oto\u00f1al - Eurosalqui. Barnices, Pinturas y Derivados.<\/title>\n<meta name=\"robots\" content=\"index, follow, max-snippet:-1, max-image-preview:large, max-video-preview:-1\" \/>\n<link rel=\"canonical\" href=\"https:\/\/eurosalqui.es\/protectores-al-agua-con-inspiracion-otonal\/\" \/>\n<meta property=\"og:locale\" content=\"fr_FR\" \/>\n<meta property=\"og:type\" content=\"article\" \/>\n<meta property=\"og:title\" content=\"Protectores al Agua con Inspiraci\u00f3n Oto\u00f1al - Eurosalqui. Barnices, Pinturas y Derivados.\" \/>\n<meta property=\"og:description\" content=\"La gama de colores de Eurosalqui para la protecci\u00f3n y el mantenimiento de la madera. Llega el oto\u00f1o, se despide el verano. El bosque comienza a [\u2026]\" \/>\n<meta property=\"og:url\" content=\"https:\/\/eurosalqui.es\/protectores-al-agua-con-inspiracion-otonal\/\" \/>\n<meta property=\"og:site_name\" content=\"Eurosalqui. Barnices, Pinturas y Derivados.\" \/>\n<meta property=\"article:publisher\" content=\"https:\/\/www.facebook.com\/eurosalqui\" \/>\n<meta property=\"article:published_time\" content=\"2021-10-01T14:51:38+00:00\" \/>\n<meta property=\"article:modified_time\" content=\"2023-07-17T06:22:57+00:00\" \/>\n<meta property=\"og:image\" content=\"https:\/\/eurosalqui.es\/wp-content\/uploads\/2021\/10\/colores_otono.jpeg\" \/>\n\t<meta property=\"og:image:width\" content=\"960\" \/>\n\t<meta property=\"og:image:height\" content=\"480\" \/>\n\t<meta property=\"og:image:type\" content=\"image\/jpeg\" \/>\n<meta name=\"author\" content=\"Administraci\u00f3n Puertas Lis\" \/>\n<meta name=\"twitter:card\" content=\"summary_large_image\" \/>\n<meta name=\"twitter:label1\" content=\"\u00c9crit par\" \/>\n\t<meta name=\"twitter:data1\" content=\"Administraci\u00f3n Puertas Lis\" \/>\n\t<meta name=\"twitter:label2\" content=\"Dur\u00e9e de lecture estim\u00e9e\" \/>\n\t<meta name=\"twitter:data2\" content=\"2 minutes\" \/>\n<script type=\"application\/ld+json\" class=\"yoast-schema-graph\">{\"@context\":\"https:\/\/schema.org\",\"@graph\":[{\"@type\":\"Article\",\"@id\":\"https:\/\/eurosalqui.es\/protectores-al-agua-con-inspiracion-otonal\/#article\",\"isPartOf\":{\"@id\":\"https:\/\/eurosalqui.es\/protectores-al-agua-con-inspiracion-otonal\/\"},\"author\":{\"name\":\"Administraci\u00f3n Puertas Lis\",\"@id\":\"https:\/\/eurosalqui.es\/#\/schema\/person\/627e89fecb4408b61a95648302e65f0b\"},\"headline\":\"Protectores al Agua con Inspiraci\u00f3n Oto\u00f1al\",\"datePublished\":\"2021-10-01T14:51:38+00:00\",\"dateModified\":\"2023-07-17T06:22:57+00:00\",\"mainEntityOfPage\":{\"@id\":\"https:\/\/eurosalqui.es\/protectores-al-agua-con-inspiracion-otonal\/\"},\"wordCount\":358,\"commentCount\":0,\"publisher\":{\"@id\":\"https:\/\/eurosalqui.es\/#organization\"},\"image\":{\"@id\":\"https:\/\/eurosalqui.es\/protectores-al-agua-con-inspiracion-otonal\/#primaryimage\"},\"thumbnailUrl\":\"https:\/\/eurosalqui.es\/wp-content\/uploads\/2021\/10\/colores_otono.jpeg\",\"articleSection\":[\"Nuevos desarrollos\"],\"inLanguage\":\"fr-FR\",\"potentialAction\":[{\"@type\":\"CommentAction\",\"name\":\"Comment\",\"target\":[\"https:\/\/eurosalqui.es\/protectores-al-agua-con-inspiracion-otonal\/#respond\"]}]},{\"@type\":\"WebPage\",\"@id\":\"https:\/\/eurosalqui.es\/protectores-al-agua-con-inspiracion-otonal\/\",\"url\":\"https:\/\/eurosalqui.es\/protectores-al-agua-con-inspiracion-otonal\/\",\"name\":\"Protectores al Agua con Inspiraci\u00f3n Oto\u00f1al - Eurosalqui. Barnices, Pinturas y Derivados.\",\"isPartOf\":{\"@id\":\"https:\/\/eurosalqui.es\/#website\"},\"primaryImageOfPage\":{\"@id\":\"https:\/\/eurosalqui.es\/protectores-al-agua-con-inspiracion-otonal\/#primaryimage\"},\"image\":{\"@id\":\"https:\/\/eurosalqui.es\/protectores-al-agua-con-inspiracion-otonal\/#primaryimage\"},\"thumbnailUrl\":\"https:\/\/eurosalqui.es\/wp-content\/uploads\/2021\/10\/colores_otono.jpeg\",\"datePublished\":\"2021-10-01T14:51:38+00:00\",\"dateModified\":\"2023-07-17T06:22:57+00:00\",\"breadcrumb\":{\"@id\":\"https:\/\/eurosalqui.es\/protectores-al-agua-con-inspiracion-otonal\/#breadcrumb\"},\"inLanguage\":\"fr-FR\",\"potentialAction\":[{\"@type\":\"ReadAction\",\"target\":[\"https:\/\/eurosalqui.es\/protectores-al-agua-con-inspiracion-otonal\/\"]}]},{\"@type\":\"ImageObject\",\"inLanguage\":\"fr-FR\",\"@id\":\"https:\/\/eurosalqui.es\/protectores-al-agua-con-inspiracion-otonal\/#primaryimage\",\"url\":\"https:\/\/eurosalqui.es\/wp-content\/uploads\/2021\/10\/colores_otono.jpeg\",\"contentUrl\":\"https:\/\/eurosalqui.es\/wp-content\/uploads\/2021\/10\/colores_otono.jpeg\",\"width\":960,\"height\":480},{\"@type\":\"BreadcrumbList\",\"@id\":\"https:\/\/eurosalqui.es\/protectores-al-agua-con-inspiracion-otonal\/#breadcrumb\",\"itemListElement\":[{\"@type\":\"ListItem\",\"position\":1,\"name\":\"Portada\",\"item\":\"https:\/\/eurosalqui.es\/fr\/\"},{\"@type\":\"ListItem\",\"position\":2,\"name\":\"Protectores al Agua con Inspiraci\u00f3n Oto\u00f1al\"}]},{\"@type\":\"WebSite\",\"@id\":\"https:\/\/eurosalqui.es\/#website\",\"url\":\"https:\/\/eurosalqui.es\/\",\"name\":\"Barnices, Pinturas y Derivados EQ, S.L.\",\"description\":\"Soluciones innovadoras a los desaf\u00edos tecnol\u00f3gicos y ambientales con productos de calidad en materia de barnices, pinturas y otros derivados.\",\"publisher\":{\"@id\":\"https:\/\/eurosalqui.es\/#organization\"},\"potentialAction\":[{\"@type\":\"SearchAction\",\"target\":{\"@type\":\"EntryPoint\",\"urlTemplate\":\"https:\/\/eurosalqui.es\/?s={search_term_string}\"},\"query-input\":\"required name=search_term_string\"}],\"inLanguage\":\"fr-FR\"},{\"@type\":\"Organization\",\"@id\":\"https:\/\/eurosalqui.es\/#organization\",\"name\":\"Barnices, Pinturas y Derivados EQ, S.L.\",\"url\":\"https:\/\/eurosalqui.es\/\",\"logo\":{\"@type\":\"ImageObject\",\"inLanguage\":\"fr-FR\",\"@id\":\"https:\/\/eurosalqui.es\/#\/schema\/logo\/image\/\",\"url\":\"https:\/\/eurosalqui.es\/wp-content\/uploads\/2023\/09\/logo-eqbarnices.png\",\"contentUrl\":\"https:\/\/eurosalqui.es\/wp-content\/uploads\/2023\/09\/logo-eqbarnices.png\",\"width\":100,\"height\":84,\"caption\":\"Barnices, Pinturas y Derivados EQ, S.L.\"},\"image\":{\"@id\":\"https:\/\/eurosalqui.es\/#\/schema\/logo\/image\/\"},\"sameAs\":[\"https:\/\/www.facebook.com\/eurosalqui\",\"https:\/\/es.linkedin.com\/company\/eurosalqui\",\"https:\/\/www.instagram.com\/eurosalqui\/\",\"https:\/\/vimeo.com\/eurosalqui\"]},{\"@type\":\"Person\",\"@id\":\"https:\/\/eurosalqui.es\/#\/schema\/person\/627e89fecb4408b61a95648302e65f0b\",\"name\":\"Administraci\u00f3n Puertas Lis\",\"image\":{\"@type\":\"ImageObject\",\"inLanguage\":\"fr-FR\",\"@id\":\"https:\/\/eurosalqui.es\/#\/schema\/person\/image\/\",\"url\":\"https:\/\/secure.gravatar.com\/avatar\/7d278cc6df5b642ca02100cd312eb82e?s=96&d=mm&r=g\",\"contentUrl\":\"https:\/\/secure.gravatar.com\/avatar\/7d278cc6df5b642ca02100cd312eb82e?s=96&d=mm&r=g\",\"caption\":\"Administraci\u00f3n Puertas Lis\"},\"url\":\"https:\/\/eurosalqui.es\/fr\/author\/puertaslis\/\"}]}<\/script>\n<!-- \/ Yoast SEO plugin. -->","yoast_head_json":{"title":"Protectores al Agua con Inspiraci\u00f3n Oto\u00f1al - Eurosalqui. Barnices, Pinturas y Derivados.","robots":{"index":"index","follow":"follow","max-snippet":"max-snippet:-1","max-image-preview":"max-image-preview:large","max-video-preview":"max-video-preview:-1"},"canonical":"https:\/\/eurosalqui.es\/protectores-al-agua-con-inspiracion-otonal\/","og_locale":"fr_FR","og_type":"article","og_title":"Protectores al Agua con Inspiraci\u00f3n Oto\u00f1al - Eurosalqui. Barnices, Pinturas y Derivados.","og_description":"La gama de colores de Eurosalqui para la protecci\u00f3n y el mantenimiento de la madera. Llega el oto\u00f1o, se despide el verano. El bosque comienza a [\u2026]","og_url":"https:\/\/eurosalqui.es\/protectores-al-agua-con-inspiracion-otonal\/","og_site_name":"Eurosalqui. Barnices, Pinturas y Derivados.","article_publisher":"https:\/\/www.facebook.com\/eurosalqui","article_published_time":"2021-10-01T14:51:38+00:00","article_modified_time":"2023-07-17T06:22:57+00:00","og_image":[{"width":960,"height":480,"url":"https:\/\/eurosalqui.es\/wp-content\/uploads\/2021\/10\/colores_otono.jpeg","type":"image\/jpeg"}],"author":"Administraci\u00f3n Puertas Lis","twitter_card":"summary_large_image","twitter_misc":{"\u00c9crit par":"Administraci\u00f3n Puertas Lis","Dur\u00e9e de lecture estim\u00e9e":"2 minutes"},"schema":{"@context":"https:\/\/schema.org","@graph":[{"@type":"Article","@id":"https:\/\/eurosalqui.es\/protectores-al-agua-con-inspiracion-otonal\/#article","isPartOf":{"@id":"https:\/\/eurosalqui.es\/protectores-al-agua-con-inspiracion-otonal\/"},"author":{"name":"Administraci\u00f3n Puertas Lis","@id":"https:\/\/eurosalqui.es\/#\/schema\/person\/627e89fecb4408b61a95648302e65f0b"},"headline":"Protectores al Agua con Inspiraci\u00f3n Oto\u00f1al","datePublished":"2021-10-01T14:51:38+00:00","dateModified":"2023-07-17T06:22:57+00:00","mainEntityOfPage":{"@id":"https:\/\/eurosalqui.es\/protectores-al-agua-con-inspiracion-otonal\/"},"wordCount":358,"commentCount":0,"publisher":{"@id":"https:\/\/eurosalqui.es\/#organization"},"image":{"@id":"https:\/\/eurosalqui.es\/protectores-al-agua-con-inspiracion-otonal\/#primaryimage"},"thumbnailUrl":"https:\/\/eurosalqui.es\/wp-content\/uploads\/2021\/10\/colores_otono.jpeg","articleSection":["Nuevos desarrollos"],"inLanguage":"fr-FR","potentialAction":[{"@type":"CommentAction","name":"Comment","target":["https:\/\/eurosalqui.es\/protectores-al-agua-con-inspiracion-otonal\/#respond"]}]},{"@type":"WebPage","@id":"https:\/\/eurosalqui.es\/protectores-al-agua-con-inspiracion-otonal\/","url":"https:\/\/eurosalqui.es\/protectores-al-agua-con-inspiracion-otonal\/","name":"Protectores al Agua con Inspiraci\u00f3n Oto\u00f1al - Eurosalqui. Barnices, Pinturas y Derivados.","isPartOf":{"@id":"https:\/\/eurosalqui.es\/#website"},"primaryImageOfPage":{"@id":"https:\/\/eurosalqui.es\/protectores-al-agua-con-inspiracion-otonal\/#primaryimage"},"image":{"@id":"https:\/\/eurosalqui.es\/protectores-al-agua-con-inspiracion-otonal\/#primaryimage"},"thumbnailUrl":"https:\/\/eurosalqui.es\/wp-content\/uploads\/2021\/10\/colores_otono.jpeg","datePublished":"2021-10-01T14:51:38+00:00","dateModified":"2023-07-17T06:22:57+00:00","breadcrumb":{"@id":"https:\/\/eurosalqui.es\/protectores-al-agua-con-inspiracion-otonal\/#breadcrumb"},"inLanguage":"fr-FR","potentialAction":[{"@type":"ReadAction","target":["https:\/\/eurosalqui.es\/protectores-al-agua-con-inspiracion-otonal\/"]}]},{"@type":"ImageObject","inLanguage":"fr-FR","@id":"https:\/\/eurosalqui.es\/protectores-al-agua-con-inspiracion-otonal\/#primaryimage","url":"https:\/\/eurosalqui.es\/wp-content\/uploads\/2021\/10\/colores_otono.jpeg","contentUrl":"https:\/\/eurosalqui.es\/wp-content\/uploads\/2021\/10\/colores_otono.jpeg","width":960,"height":480},{"@type":"BreadcrumbList","@id":"https:\/\/eurosalqui.es\/protectores-al-agua-con-inspiracion-otonal\/#breadcrumb","itemListElement":[{"@type":"ListItem","position":1,"name":"Portada","item":"https:\/\/eurosalqui.es\/fr\/"},{"@type":"ListItem","position":2,"name":"Protectores al Agua con Inspiraci\u00f3n Oto\u00f1al"}]},{"@type":"WebSite","@id":"https:\/\/eurosalqui.es\/#website","url":"https:\/\/eurosalqui.es\/","name":"Barnices, Pinturas y Derivados EQ, S.L.","description":"Soluciones innovadoras a los desaf\u00edos tecnol\u00f3gicos y ambientales con productos de calidad en materia de barnices, pinturas y otros derivados.","publisher":{"@id":"https:\/\/eurosalqui.es\/#organization"},"potentialAction":[{"@type":"SearchAction","target":{"@type":"EntryPoint","urlTemplate":"https:\/\/eurosalqui.es\/?s={search_term_string}"},"query-input":"required name=search_term_string"}],"inLanguage":"fr-FR"},{"@type":"Organization","@id":"https:\/\/eurosalqui.es\/#organization","name":"Barnices, Pinturas y Derivados EQ, S.L.","url":"https:\/\/eurosalqui.es\/","logo":{"@type":"ImageObject","inLanguage":"fr-FR","@id":"https:\/\/eurosalqui.es\/#\/schema\/logo\/image\/","url":"https:\/\/eurosalqui.es\/wp-content\/uploads\/2023\/09\/logo-eqbarnices.png","contentUrl":"https:\/\/eurosalqui.es\/wp-content\/uploads\/2023\/09\/logo-eqbarnices.png","width":100,"height":84,"caption":"Barnices, Pinturas y Derivados EQ, S.L."},"image":{"@id":"https:\/\/eurosalqui.es\/#\/schema\/logo\/image\/"},"sameAs":["https:\/\/www.facebook.com\/eurosalqui","https:\/\/es.linkedin.com\/company\/eurosalqui","https:\/\/www.instagram.com\/eurosalqui\/","https:\/\/vimeo.com\/eurosalqui"]},{"@type":"Person","@id":"https:\/\/eurosalqui.es\/#\/schema\/person\/627e89fecb4408b61a95648302e65f0b","name":"Administraci\u00f3n Puertas Lis","image":{"@type":"ImageObject","inLanguage":"fr-FR","@id":"https:\/\/eurosalqui.es\/#\/schema\/person\/image\/","url":"https:\/\/secure.gravatar.com\/avatar\/7d278cc6df5b642ca02100cd312eb82e?s=96&d=mm&r=g","contentUrl":"https:\/\/secure.gravatar.com\/avatar\/7d278cc6df5b642ca02100cd312eb82e?s=96&d=mm&r=g","caption":"Administraci\u00f3n Puertas Lis"},"url":"https:\/\/eurosalqui.es\/fr\/author\/puertaslis\/"}]}},"_links":{"self":[{"href":"https:\/\/eurosalqui.es\/fr\/wp-json\/wp\/v2\/posts\/9687"}],"collection":[{"href":"https:\/\/eurosalqui.es\/fr\/wp-json\/wp\/v2\/posts"}],"about":[{"href":"https:\/\/eurosalqui.es\/fr\/wp-json\/wp\/v2\/types\/post"}],"author":[{"embeddable":true,"href":"https:\/\/eurosalqui.es\/fr\/wp-json\/wp\/v2\/users\/31"}],"replies":[{"embeddable":true,"href":"https:\/\/eurosalqui.es\/fr\/wp-json\/wp\/v2\/comments?post=9687"}],"version-history":[{"count":0,"href":"https:\/\/eurosalqui.es\/fr\/wp-json\/wp\/v2\/posts\/9687\/revisions"}],"wp:featuredmedia":[{"embeddable":true,"href":"https:\/\/eurosalqui.es\/fr\/wp-json\/wp\/v2\/media\/10965"}],"wp:attachment":[{"href":"https:\/\/eurosalqui.es\/fr\/wp-json\/wp\/v2\/media?parent=9687"}],"wp:term":[{"taxonomy":"category","embeddable":true,"href":"https:\/\/eurosalqui.es\/fr\/wp-json\/wp\/v2\/categories?post=9687"},{"taxonomy":"post_tag","embeddable":true,"href":"https:\/\/eurosalqui.es\/fr\/wp-json\/wp\/v2\/tags?post=9687"}],"curies":[{"name":"wp","href":"https:\/\/api.w.org\/{rel}","templated":true}]}}