{"id":9667,"date":"2020-03-25T16:51:33","date_gmt":"2020-03-25T15:51:33","guid":{"rendered":"https:\/\/www.eq-barnices.es\/prepara-la-primavera-series-lifes-colour-y-esfera\/"},"modified":"2023-07-17T09:04:01","modified_gmt":"2023-07-17T07:04:01","slug":"prepara-la-primavera-series-lifes-colour-y-esfera","status":"publish","type":"post","link":"https:\/\/eurosalqui.es\/en\/prepara-la-primavera-series-lifes-colour-y-esfera\/","title":{"rendered":"Prepara la primavera, series LIFE&#8217;S COLOUR y ESFERA"},"content":{"rendered":"\n<h4 class=\"wp-block-heading\">SACA TODO EL PARTIDO A TU MADERA<\/h4>\n\n\n\n<p>Con la <strong>entrada de la primavera<\/strong>, os proponemos la <strong>decoraci\u00f3n o restauraci\u00f3n<\/strong> de un elemento de mobiliario de exterior muy com\u00fan en espacios abiertos. Se trata de las <strong>casetas de madera de jard\u00edn<\/strong>.<\/p>\n\n\n\n<p>Para <strong>la correcta aplicaci\u00f3n de nuestros productos<\/strong> te explicamos los pasos a seguir para que tu caseta luzca y deslumbre durante largo tiempo. Del mismo modo, este mismo <strong>proceso de recuperaci\u00f3n de la belleza de la madera<\/strong>, se puede emplear en otros elementos como p\u00e9rgolas, quioscos, mesas\u2026<\/p>\n\n\n\n<p>El primer paso de todo, es <strong>preparar la madera<\/strong>. Por ello, ha de limpiarse la madera de cualquier rastro de suciedad. Puedes aprovecharte de la fuerza mec\u00e1nica de una hidrolimpiadora o lijadoras, seg\u00fan veas el estado de la madera, adecuar\u00e1s la potencia de chorro o el grano del papel de lija. As\u00ed eliminar\u00e1s las capas anteriores y abrir\u00e1s el poro de la madera.<\/p>\n\n\n\n<p>Si has empleado agua para su limpieza,\nes conveniente, que dejes un espacio de tiempo superior&nbsp; a 12 horas.<\/p>\n\n\n\n<p>Extender la primera capa de imprimaci\u00f3n de color al agua, v\u00e1lida para cualquier tipo de maderas, como es la <a rel=\"noreferrer noopener\" aria-label=\"SERIE LIFE\u00b4S COLOUR (abre en una nueva pesta\u00f1a)\" href=\"\/?p=3816\" target=\"_blank\">SERIE LIFE\u00b4S COLOUR<\/a>. Tambi\u00e9n, dejar\u00e1s secar convenientemente para aplicar la posterior capa de producto. Una vez seca, nosotros elegimos el acabado <a rel=\"noreferrer noopener\" aria-label=\"EH-3065\/90 (abre en una nueva pesta\u00f1a)\" href=\"\/?p=3966\" target=\"_blank\">EH-3065\/90<\/a> de la <a href=\"\/?p=3966\" target=\"_blank\" rel=\"noreferrer noopener\" aria-label=\"SERIE ESFERA (abre en una nueva pesta\u00f1a)\">SERIE ESFERA<\/a>, que nos proporcionar\u00e1 un brillo satinado y un tono teca. Si no te convence el tono elegido, no te preocupes, tienes la <strong>posibilidad de elegir entre una amplia gama de colores.  <\/strong><\/p>\n\n\n\n<p>De esta forma tan sencilla, preparar\u00e1s una fant\u00e1stica caseta lista para ser disfrutada al m\u00e1ximo en estos d\u00edas que vienen por delante. No tendr\u00e1s que preocuparte por la exposici\u00f3n a los factores ambientales ni de mantenimiento por un largo per\u00edodo de tiempo. Adem\u00e1s, con la gama de productos Eurosalqui, te asegurar\u00e1s la <strong>mejor protecci\u00f3n, inalterabilidad y realce del mobiliario de madera<\/strong> de tu jard\u00edn. \u00a1Que no te quepa duda! <\/p>\n\n\n\n<p><\/p>\n","protected":false},"excerpt":{"rendered":"<p>SACA TODO EL PARTIDO A TU MADERA Con la entrada de la primavera, os proponemos la decoraci\u00f3n o restauraci\u00f3n de un elemento de mobiliario de exterior<span class=\"excerpt-hellip\"> [\u2026]<\/span><\/p>\n","protected":false},"author":31,"featured_media":11040,"comment_status":"open","ping_status":"open","sticky":false,"template":"","format":"standard","meta":{"_acf_changed":false,"footnotes":""},"categories":[172],"tags":[],"class_list":["post-9667","post","type-post","status-publish","format-standard","has-post-thumbnail","hentry","category-nuevos-desarrollos"],"acf":[],"yoast_head":"<!-- This site is optimized with the Yoast SEO plugin v22.3 - https:\/\/yoast.com\/wordpress\/plugins\/seo\/ -->\n<title>Prepara la primavera, series LIFE&#039;S COLOUR y ESFERA - Eurosalqui. Barnices, Pinturas y Derivados.<\/title>\n<meta name=\"robots\" content=\"index, follow, max-snippet:-1, max-image-preview:large, max-video-preview:-1\" \/>\n<link rel=\"canonical\" href=\"https:\/\/eurosalqui.es\/prepara-la-primavera-series-lifes-colour-y-esfera\/\" \/>\n<meta property=\"og:locale\" content=\"en_US\" \/>\n<meta property=\"og:type\" content=\"article\" \/>\n<meta property=\"og:title\" content=\"Prepara la primavera, series LIFE&#039;S COLOUR y ESFERA - Eurosalqui. Barnices, Pinturas y Derivados.\" \/>\n<meta property=\"og:description\" content=\"SACA TODO EL PARTIDO A TU MADERA Con la entrada de la primavera, os proponemos la decoraci\u00f3n o restauraci\u00f3n de un elemento de mobiliario de exterior [\u2026]\" \/>\n<meta property=\"og:url\" content=\"https:\/\/eurosalqui.es\/prepara-la-primavera-series-lifes-colour-y-esfera\/\" \/>\n<meta property=\"og:site_name\" content=\"Eurosalqui. Barnices, Pinturas y Derivados.\" \/>\n<meta property=\"article:publisher\" content=\"https:\/\/www.facebook.com\/eurosalqui\" \/>\n<meta property=\"article:published_time\" content=\"2020-03-25T15:51:33+00:00\" \/>\n<meta property=\"article:modified_time\" content=\"2023-07-17T07:04:01+00:00\" \/>\n<meta property=\"og:image\" content=\"https:\/\/eurosalqui.es\/wp-content\/uploads\/2020\/03\/madera-intemperie-caseta-jardin.jpg\" \/>\n\t<meta property=\"og:image:width\" content=\"960\" \/>\n\t<meta property=\"og:image:height\" content=\"750\" \/>\n\t<meta property=\"og:image:type\" content=\"image\/jpeg\" \/>\n<meta name=\"author\" content=\"Administraci\u00f3n Puertas Lis\" \/>\n<meta name=\"twitter:card\" content=\"summary_large_image\" \/>\n<meta name=\"twitter:label1\" content=\"Written by\" \/>\n\t<meta name=\"twitter:data1\" content=\"Administraci\u00f3n Puertas Lis\" \/>\n\t<meta name=\"twitter:label2\" content=\"Est. reading time\" \/>\n\t<meta name=\"twitter:data2\" content=\"2 minutes\" \/>\n<script type=\"application\/ld+json\" class=\"yoast-schema-graph\">{\"@context\":\"https:\/\/schema.org\",\"@graph\":[{\"@type\":\"Article\",\"@id\":\"https:\/\/eurosalqui.es\/prepara-la-primavera-series-lifes-colour-y-esfera\/#article\",\"isPartOf\":{\"@id\":\"https:\/\/eurosalqui.es\/prepara-la-primavera-series-lifes-colour-y-esfera\/\"},\"author\":{\"name\":\"Administraci\u00f3n Puertas Lis\",\"@id\":\"https:\/\/eurosalqui.es\/#\/schema\/person\/627e89fecb4408b61a95648302e65f0b\"},\"headline\":\"Prepara la primavera, series LIFE&#8217;S COLOUR y ESFERA\",\"datePublished\":\"2020-03-25T15:51:33+00:00\",\"dateModified\":\"2023-07-17T07:04:01+00:00\",\"mainEntityOfPage\":{\"@id\":\"https:\/\/eurosalqui.es\/prepara-la-primavera-series-lifes-colour-y-esfera\/\"},\"wordCount\":350,\"commentCount\":0,\"publisher\":{\"@id\":\"https:\/\/eurosalqui.es\/#organization\"},\"image\":{\"@id\":\"https:\/\/eurosalqui.es\/prepara-la-primavera-series-lifes-colour-y-esfera\/#primaryimage\"},\"thumbnailUrl\":\"https:\/\/eurosalqui.es\/wp-content\/uploads\/2020\/03\/madera-intemperie-caseta-jardin.jpg\",\"articleSection\":[\"Nuevos desarrollos\"],\"inLanguage\":\"en-US\",\"potentialAction\":[{\"@type\":\"CommentAction\",\"name\":\"Comment\",\"target\":[\"https:\/\/eurosalqui.es\/prepara-la-primavera-series-lifes-colour-y-esfera\/#respond\"]}]},{\"@type\":\"WebPage\",\"@id\":\"https:\/\/eurosalqui.es\/prepara-la-primavera-series-lifes-colour-y-esfera\/\",\"url\":\"https:\/\/eurosalqui.es\/prepara-la-primavera-series-lifes-colour-y-esfera\/\",\"name\":\"Prepara la primavera, series LIFE'S COLOUR y ESFERA - Eurosalqui. Barnices, Pinturas y Derivados.\",\"isPartOf\":{\"@id\":\"https:\/\/eurosalqui.es\/#website\"},\"primaryImageOfPage\":{\"@id\":\"https:\/\/eurosalqui.es\/prepara-la-primavera-series-lifes-colour-y-esfera\/#primaryimage\"},\"image\":{\"@id\":\"https:\/\/eurosalqui.es\/prepara-la-primavera-series-lifes-colour-y-esfera\/#primaryimage\"},\"thumbnailUrl\":\"https:\/\/eurosalqui.es\/wp-content\/uploads\/2020\/03\/madera-intemperie-caseta-jardin.jpg\",\"datePublished\":\"2020-03-25T15:51:33+00:00\",\"dateModified\":\"2023-07-17T07:04:01+00:00\",\"breadcrumb\":{\"@id\":\"https:\/\/eurosalqui.es\/prepara-la-primavera-series-lifes-colour-y-esfera\/#breadcrumb\"},\"inLanguage\":\"en-US\",\"potentialAction\":[{\"@type\":\"ReadAction\",\"target\":[\"https:\/\/eurosalqui.es\/prepara-la-primavera-series-lifes-colour-y-esfera\/\"]}]},{\"@type\":\"ImageObject\",\"inLanguage\":\"en-US\",\"@id\":\"https:\/\/eurosalqui.es\/prepara-la-primavera-series-lifes-colour-y-esfera\/#primaryimage\",\"url\":\"https:\/\/eurosalqui.es\/wp-content\/uploads\/2020\/03\/madera-intemperie-caseta-jardin.jpg\",\"contentUrl\":\"https:\/\/eurosalqui.es\/wp-content\/uploads\/2020\/03\/madera-intemperie-caseta-jardin.jpg\",\"width\":960,\"height\":750,\"caption\":\"Prepara la primavera, series LIFE'S COLOUR y ESFERA\"},{\"@type\":\"BreadcrumbList\",\"@id\":\"https:\/\/eurosalqui.es\/prepara-la-primavera-series-lifes-colour-y-esfera\/#breadcrumb\",\"itemListElement\":[{\"@type\":\"ListItem\",\"position\":1,\"name\":\"Portada\",\"item\":\"https:\/\/eurosalqui.es\/en\/\"},{\"@type\":\"ListItem\",\"position\":2,\"name\":\"Prepara la primavera, series LIFE&#8217;S COLOUR y ESFERA\"}]},{\"@type\":\"WebSite\",\"@id\":\"https:\/\/eurosalqui.es\/#website\",\"url\":\"https:\/\/eurosalqui.es\/\",\"name\":\"Barnices, Pinturas y Derivados EQ, S.L.\",\"description\":\"Soluciones innovadoras a los desaf\u00edos tecnol\u00f3gicos y ambientales con productos de calidad en materia de barnices, pinturas y otros derivados.\",\"publisher\":{\"@id\":\"https:\/\/eurosalqui.es\/#organization\"},\"potentialAction\":[{\"@type\":\"SearchAction\",\"target\":{\"@type\":\"EntryPoint\",\"urlTemplate\":\"https:\/\/eurosalqui.es\/?s={search_term_string}\"},\"query-input\":\"required name=search_term_string\"}],\"inLanguage\":\"en-US\"},{\"@type\":\"Organization\",\"@id\":\"https:\/\/eurosalqui.es\/#organization\",\"name\":\"Barnices, Pinturas y Derivados EQ, S.L.\",\"url\":\"https:\/\/eurosalqui.es\/\",\"logo\":{\"@type\":\"ImageObject\",\"inLanguage\":\"en-US\",\"@id\":\"https:\/\/eurosalqui.es\/#\/schema\/logo\/image\/\",\"url\":\"https:\/\/eurosalqui.es\/wp-content\/uploads\/2023\/09\/logo-eqbarnices.png\",\"contentUrl\":\"https:\/\/eurosalqui.es\/wp-content\/uploads\/2023\/09\/logo-eqbarnices.png\",\"width\":100,\"height\":84,\"caption\":\"Barnices, Pinturas y Derivados EQ, S.L.\"},\"image\":{\"@id\":\"https:\/\/eurosalqui.es\/#\/schema\/logo\/image\/\"},\"sameAs\":[\"https:\/\/www.facebook.com\/eurosalqui\",\"https:\/\/es.linkedin.com\/company\/eurosalqui\",\"https:\/\/www.instagram.com\/eurosalqui\/\",\"https:\/\/vimeo.com\/eurosalqui\"]},{\"@type\":\"Person\",\"@id\":\"https:\/\/eurosalqui.es\/#\/schema\/person\/627e89fecb4408b61a95648302e65f0b\",\"name\":\"Administraci\u00f3n Puertas Lis\",\"image\":{\"@type\":\"ImageObject\",\"inLanguage\":\"en-US\",\"@id\":\"https:\/\/eurosalqui.es\/#\/schema\/person\/image\/\",\"url\":\"https:\/\/secure.gravatar.com\/avatar\/7d278cc6df5b642ca02100cd312eb82e?s=96&d=mm&r=g\",\"contentUrl\":\"https:\/\/secure.gravatar.com\/avatar\/7d278cc6df5b642ca02100cd312eb82e?s=96&d=mm&r=g\",\"caption\":\"Administraci\u00f3n Puertas Lis\"},\"url\":\"https:\/\/eurosalqui.es\/en\/author\/puertaslis\/\"}]}<\/script>\n<!-- \/ Yoast SEO plugin. -->","yoast_head_json":{"title":"Prepara la primavera, series LIFE'S COLOUR y ESFERA - Eurosalqui. Barnices, Pinturas y Derivados.","robots":{"index":"index","follow":"follow","max-snippet":"max-snippet:-1","max-image-preview":"max-image-preview:large","max-video-preview":"max-video-preview:-1"},"canonical":"https:\/\/eurosalqui.es\/prepara-la-primavera-series-lifes-colour-y-esfera\/","og_locale":"en_US","og_type":"article","og_title":"Prepara la primavera, series LIFE'S COLOUR y ESFERA - Eurosalqui. Barnices, Pinturas y Derivados.","og_description":"SACA TODO EL PARTIDO A TU MADERA Con la entrada de la primavera, os proponemos la decoraci\u00f3n o restauraci\u00f3n de un elemento de mobiliario de exterior [\u2026]","og_url":"https:\/\/eurosalqui.es\/prepara-la-primavera-series-lifes-colour-y-esfera\/","og_site_name":"Eurosalqui. Barnices, Pinturas y Derivados.","article_publisher":"https:\/\/www.facebook.com\/eurosalqui","article_published_time":"2020-03-25T15:51:33+00:00","article_modified_time":"2023-07-17T07:04:01+00:00","og_image":[{"width":960,"height":750,"url":"https:\/\/eurosalqui.es\/wp-content\/uploads\/2020\/03\/madera-intemperie-caseta-jardin.jpg","type":"image\/jpeg"}],"author":"Administraci\u00f3n Puertas Lis","twitter_card":"summary_large_image","twitter_misc":{"Written by":"Administraci\u00f3n Puertas Lis","Est. reading time":"2 minutes"},"schema":{"@context":"https:\/\/schema.org","@graph":[{"@type":"Article","@id":"https:\/\/eurosalqui.es\/prepara-la-primavera-series-lifes-colour-y-esfera\/#article","isPartOf":{"@id":"https:\/\/eurosalqui.es\/prepara-la-primavera-series-lifes-colour-y-esfera\/"},"author":{"name":"Administraci\u00f3n Puertas Lis","@id":"https:\/\/eurosalqui.es\/#\/schema\/person\/627e89fecb4408b61a95648302e65f0b"},"headline":"Prepara la primavera, series LIFE&#8217;S COLOUR y ESFERA","datePublished":"2020-03-25T15:51:33+00:00","dateModified":"2023-07-17T07:04:01+00:00","mainEntityOfPage":{"@id":"https:\/\/eurosalqui.es\/prepara-la-primavera-series-lifes-colour-y-esfera\/"},"wordCount":350,"commentCount":0,"publisher":{"@id":"https:\/\/eurosalqui.es\/#organization"},"image":{"@id":"https:\/\/eurosalqui.es\/prepara-la-primavera-series-lifes-colour-y-esfera\/#primaryimage"},"thumbnailUrl":"https:\/\/eurosalqui.es\/wp-content\/uploads\/2020\/03\/madera-intemperie-caseta-jardin.jpg","articleSection":["Nuevos desarrollos"],"inLanguage":"en-US","potentialAction":[{"@type":"CommentAction","name":"Comment","target":["https:\/\/eurosalqui.es\/prepara-la-primavera-series-lifes-colour-y-esfera\/#respond"]}]},{"@type":"WebPage","@id":"https:\/\/eurosalqui.es\/prepara-la-primavera-series-lifes-colour-y-esfera\/","url":"https:\/\/eurosalqui.es\/prepara-la-primavera-series-lifes-colour-y-esfera\/","name":"Prepara la primavera, series LIFE'S COLOUR y ESFERA - Eurosalqui. Barnices, Pinturas y Derivados.","isPartOf":{"@id":"https:\/\/eurosalqui.es\/#website"},"primaryImageOfPage":{"@id":"https:\/\/eurosalqui.es\/prepara-la-primavera-series-lifes-colour-y-esfera\/#primaryimage"},"image":{"@id":"https:\/\/eurosalqui.es\/prepara-la-primavera-series-lifes-colour-y-esfera\/#primaryimage"},"thumbnailUrl":"https:\/\/eurosalqui.es\/wp-content\/uploads\/2020\/03\/madera-intemperie-caseta-jardin.jpg","datePublished":"2020-03-25T15:51:33+00:00","dateModified":"2023-07-17T07:04:01+00:00","breadcrumb":{"@id":"https:\/\/eurosalqui.es\/prepara-la-primavera-series-lifes-colour-y-esfera\/#breadcrumb"},"inLanguage":"en-US","potentialAction":[{"@type":"ReadAction","target":["https:\/\/eurosalqui.es\/prepara-la-primavera-series-lifes-colour-y-esfera\/"]}]},{"@type":"ImageObject","inLanguage":"en-US","@id":"https:\/\/eurosalqui.es\/prepara-la-primavera-series-lifes-colour-y-esfera\/#primaryimage","url":"https:\/\/eurosalqui.es\/wp-content\/uploads\/2020\/03\/madera-intemperie-caseta-jardin.jpg","contentUrl":"https:\/\/eurosalqui.es\/wp-content\/uploads\/2020\/03\/madera-intemperie-caseta-jardin.jpg","width":960,"height":750,"caption":"Prepara la primavera, series LIFE'S COLOUR y ESFERA"},{"@type":"BreadcrumbList","@id":"https:\/\/eurosalqui.es\/prepara-la-primavera-series-lifes-colour-y-esfera\/#breadcrumb","itemListElement":[{"@type":"ListItem","position":1,"name":"Portada","item":"https:\/\/eurosalqui.es\/en\/"},{"@type":"ListItem","position":2,"name":"Prepara la primavera, series LIFE&#8217;S COLOUR y ESFERA"}]},{"@type":"WebSite","@id":"https:\/\/eurosalqui.es\/#website","url":"https:\/\/eurosalqui.es\/","name":"Barnices, Pinturas y Derivados EQ, S.L.","description":"Soluciones innovadoras a los desaf\u00edos tecnol\u00f3gicos y ambientales con productos de calidad en materia de barnices, pinturas y otros derivados.","publisher":{"@id":"https:\/\/eurosalqui.es\/#organization"},"potentialAction":[{"@type":"SearchAction","target":{"@type":"EntryPoint","urlTemplate":"https:\/\/eurosalqui.es\/?s={search_term_string}"},"query-input":"required name=search_term_string"}],"inLanguage":"en-US"},{"@type":"Organization","@id":"https:\/\/eurosalqui.es\/#organization","name":"Barnices, Pinturas y Derivados EQ, S.L.","url":"https:\/\/eurosalqui.es\/","logo":{"@type":"ImageObject","inLanguage":"en-US","@id":"https:\/\/eurosalqui.es\/#\/schema\/logo\/image\/","url":"https:\/\/eurosalqui.es\/wp-content\/uploads\/2023\/09\/logo-eqbarnices.png","contentUrl":"https:\/\/eurosalqui.es\/wp-content\/uploads\/2023\/09\/logo-eqbarnices.png","width":100,"height":84,"caption":"Barnices, Pinturas y Derivados EQ, S.L."},"image":{"@id":"https:\/\/eurosalqui.es\/#\/schema\/logo\/image\/"},"sameAs":["https:\/\/www.facebook.com\/eurosalqui","https:\/\/es.linkedin.com\/company\/eurosalqui","https:\/\/www.instagram.com\/eurosalqui\/","https:\/\/vimeo.com\/eurosalqui"]},{"@type":"Person","@id":"https:\/\/eurosalqui.es\/#\/schema\/person\/627e89fecb4408b61a95648302e65f0b","name":"Administraci\u00f3n Puertas Lis","image":{"@type":"ImageObject","inLanguage":"en-US","@id":"https:\/\/eurosalqui.es\/#\/schema\/person\/image\/","url":"https:\/\/secure.gravatar.com\/avatar\/7d278cc6df5b642ca02100cd312eb82e?s=96&d=mm&r=g","contentUrl":"https:\/\/secure.gravatar.com\/avatar\/7d278cc6df5b642ca02100cd312eb82e?s=96&d=mm&r=g","caption":"Administraci\u00f3n Puertas Lis"},"url":"https:\/\/eurosalqui.es\/en\/author\/puertaslis\/"}]}},"_links":{"self":[{"href":"https:\/\/eurosalqui.es\/en\/wp-json\/wp\/v2\/posts\/9667"}],"collection":[{"href":"https:\/\/eurosalqui.es\/en\/wp-json\/wp\/v2\/posts"}],"about":[{"href":"https:\/\/eurosalqui.es\/en\/wp-json\/wp\/v2\/types\/post"}],"author":[{"embeddable":true,"href":"https:\/\/eurosalqui.es\/en\/wp-json\/wp\/v2\/users\/31"}],"replies":[{"embeddable":true,"href":"https:\/\/eurosalqui.es\/en\/wp-json\/wp\/v2\/comments?post=9667"}],"version-history":[{"count":0,"href":"https:\/\/eurosalqui.es\/en\/wp-json\/wp\/v2\/posts\/9667\/revisions"}],"wp:featuredmedia":[{"embeddable":true,"href":"https:\/\/eurosalqui.es\/en\/wp-json\/wp\/v2\/media\/11040"}],"wp:attachment":[{"href":"https:\/\/eurosalqui.es\/en\/wp-json\/wp\/v2\/media?parent=9667"}],"wp:term":[{"taxonomy":"category","embeddable":true,"href":"https:\/\/eurosalqui.es\/en\/wp-json\/wp\/v2\/categories?post=9667"},{"taxonomy":"post_tag","embeddable":true,"href":"https:\/\/eurosalqui.es\/en\/wp-json\/wp\/v2\/tags?post=9667"}],"curies":[{"name":"wp","href":"https:\/\/api.w.org\/{rel}","templated":true}]}}